{"id":1211,"global_id":"teatroprovincialcurico.cl\/portal?id=1211","global_id_lineage":["teatroprovincialcurico.cl\/portal?id=1211"],"author":"1","status":"publish","date":"2019-07-30 14:46:09","date_utc":"2019-07-30 14:46:09","modified":"2019-07-30 14:51:09","modified_utc":"2019-07-30 14:51:09","url":"http:\/\/teatroprovincialcurico.cl\/portal\/?tribe_events=xiv-encuentro-regional-de-danza-de-la-region-del-maule","rest_url":"http:\/\/teatroprovincialcurico.cl\/portal\/index.php?rest_route=\/tribe\/events\/v1\/events\/1211","title":"XIV Encuentro Regional de Danza de la Regi\u00f3n del Maule","description":"<p>El Instituto San Mart\u00edn desde alg\u00fan tiempo est\u00e1 realizando una valiosa labor en lo referido a difundir cultura en el Maule.<\/p>\n<p>Prueba de ellos han sido por ejemplo las exitosas versiones de su Encuentro Interescolar de Coros de la Regi\u00f3n del Maule, cuya \u00faltima entrega se realiz\u00f3 hace unas semanas.<\/p>\n<p>Este mes de agosto, en el Teatro Provincial, el establecimiento educacional vuelve con su Encuentro Regional de Danza, que va en su 14a versi\u00f3n y que ha sido una oportunidad para que agrupaciones de baile de distintos colegios presenten su talento.<\/p>\n<p><a href=\"http:\/\/teatroprovincialcurico.cl\/portal\/wp-content\/uploads\/2019\/07\/9-2.jpg\"><img loading=\"lazy\" decoding=\"async\" class=\"alignleft size-full wp-image-1203\" src=\"http:\/\/teatroprovincialcurico.cl\/portal\/wp-content\/uploads\/2019\/07\/9-2.jpg\" alt=\"\" width=\"1624\" height=\"1181\" srcset=\"http:\/\/teatroprovincialcurico.cl\/portal\/wp-content\/uploads\/2019\/07\/9-2.jpg 1624w, http:\/\/teatroprovincialcurico.cl\/portal\/wp-content\/uploads\/2019\/07\/9-2-300x218.jpg 300w, http:\/\/teatroprovincialcurico.cl\/portal\/wp-content\/uploads\/2019\/07\/9-2-768x559.jpg 768w, http:\/\/teatroprovincialcurico.cl\/portal\/wp-content\/uploads\/2019\/07\/9-2-1024x745.jpg 1024w\" sizes=\"auto, (max-width: 1624px) 100vw, 1624px\" \/><\/a><\/p>","excerpt":"","slug":"xiv-encuentro-regional-de-danza-de-la-region-del-maule","image":{"url":"http:\/\/teatroprovincialcurico.cl\/portal\/wp-content\/uploads\/2019\/07\/9-2.jpg","id":1203,"extension":"jpg","width":1624,"height":1181,"sizes":{"thumbnail":{"width":150,"height":150,"mime-type":"image\/jpeg","url":"http:\/\/teatroprovincialcurico.cl\/portal\/wp-content\/uploads\/2019\/07\/9-2-150x150.jpg"},"medium":{"width":300,"height":218,"mime-type":"image\/jpeg","url":"http:\/\/teatroprovincialcurico.cl\/portal\/wp-content\/uploads\/2019\/07\/9-2-300x218.jpg"},"medium_large":{"width":768,"height":559,"mime-type":"image\/jpeg","url":"http:\/\/teatroprovincialcurico.cl\/portal\/wp-content\/uploads\/2019\/07\/9-2-768x559.jpg"},"large":{"width":1024,"height":745,"mime-type":"image\/jpeg","url":"http:\/\/teatroprovincialcurico.cl\/portal\/wp-content\/uploads\/2019\/07\/9-2-1024x745.jpg"},"widget_more_posts_thumb":{"width":1400,"height":933,"mime-type":"image\/jpeg","url":"http:\/\/teatroprovincialcurico.cl\/portal\/wp-content\/uploads\/2019\/07\/9-2-1400x933.jpg"},"canon_venuex_gallery_isotope_x2":{"width":900,"height":600,"mime-type":"image\/jpeg","url":"http:\/\/teatroprovincialcurico.cl\/portal\/wp-content\/uploads\/2019\/07\/9-2-900x600.jpg"},"canon_venuex_portfolio_isotope_x2":{"width":900,"height":600,"mime-type":"image\/jpeg","url":"http:\/\/teatroprovincialcurico.cl\/portal\/wp-content\/uploads\/2019\/07\/9-2-900x600.jpg"},"canon_venuex_featured_posts_thumb_x2":{"width":1048,"height":582,"mime-type":"image\/jpeg","url":"http:\/\/teatroprovincialcurico.cl\/portal\/wp-content\/uploads\/2019\/07\/9-2-1048x582.jpg"},"canon_venuex_timeline_gallery_thumb_x2":{"width":212,"height":140,"mime-type":"image\/jpeg","url":"http:\/\/teatroprovincialcurico.cl\/portal\/wp-content\/uploads\/2019\/07\/9-2-212x140.jpg"},"canon_venuex_posts_graph_thumb_x2":{"width":200,"height":200,"mime-type":"image\/jpeg","url":"http:\/\/teatroprovincialcurico.cl\/portal\/wp-content\/uploads\/2019\/07\/9-2-200x200.jpg"},"canon_venuex_menu_item_thumb_x2":{"width":1086,"height":722,"mime-type":"image\/jpeg","url":"http:\/\/teatroprovincialcurico.cl\/portal\/wp-content\/uploads\/2019\/07\/9-2-1086x722.jpg"}}},"all_day":false,"start_date":"2019-08-23 19:00:00","start_date_details":{"year":"2019","month":"08","day":"23","hour":"19","minutes":"00","seconds":"00"},"end_date":"2019-08-23 21:30:00","end_date_details":{"year":"2019","month":"08","day":"23","hour":"21","minutes":"30","seconds":"00"},"utc_start_date":"2019-08-23 19:00:00","utc_start_date_details":{"year":"2019","month":"08","day":"23","hour":"19","minutes":"00","seconds":"00"},"utc_end_date":"2019-08-23 21:30:00","utc_end_date_details":{"year":"2019","month":"08","day":"23","hour":"21","minutes":"30","seconds":"00"},"timezone":"UTC+0","timezone_abbr":"UTC+0","cost":"$3000","cost_details":{"currency_symbol":"","currency_code":"","currency_position":"prefix","values":["3000"]},"website":"","show_map":true,"show_map_link":true,"hide_from_listings":false,"sticky":false,"featured":false,"categories":[{"name":"Evento","slug":"evento","term_group":0,"term_taxonomy_id":23,"taxonomy":"tribe_events_cat","description":"","parent":0,"count":69,"filter":"raw","id":23,"urls":{"self":"http:\/\/teatroprovincialcurico.cl\/portal\/index.php?rest_route=\/tribe\/events\/v1\/categories\/23","collection":"http:\/\/teatroprovincialcurico.cl\/portal\/index.php?rest_route=\/tribe\/events\/v1\/categories"}}],"tags":[],"venue":{"id":507,"author":"1","status":"publish","date":"2018-03-07 23:04:40","date_utc":"2018-03-07 23:04:40","modified":"2018-03-07 23:04:40","modified_utc":"2018-03-07 23:04:40","url":"http:\/\/teatroprovincialcurico.cl\/portal\/?tribe_venue=teatro-provincial-curico","venue":"Teatro Provincial Curic\u00f3","slug":"teatro-provincial-curico","city":"Curic\u00f3","country":"Chile","province":"Curic\u00f3","website":"http:\/\/teatroprovincialcurico.cl\/portal\/","stateprovince":"Curic\u00f3","json_ld":{"@type":"Place","name":"Teatro Provincial Curic\u00f3","description":"","url":"","address":{"@type":"PostalAddress","addressLocality":"Curic\u00f3","addressRegion":"Curic\u00f3","addressCountry":"Chile"},"telephone":"","sameAs":"http:\/\/teatroprovincialcurico.cl\/portal\/"},"show_map":true,"show_map_link":true,"global_id":"teatroprovincialcurico.cl\/portal?id=507","global_id_lineage":["teatroprovincialcurico.cl\/portal?id=507"]},"organizer":[{"id":508,"author":"1","status":"publish","date":"2018-03-07 23:04:40","date_utc":"2018-03-07 23:04:40","modified":"2018-03-07 23:04:40","modified_utc":"2018-03-07 23:04:40","url":"http:\/\/teatroprovincialcurico.cl\/portal\/?tribe_organizer=teatro-provincial-curico","organizer":"Teatro Provincial Curic\u00f3","slug":"teatro-provincial-curico","website":"http:\/\/teatroprovincialcurico.cl\/portal\/","json_ld":{"@type":"Person","name":"Teatro Provincial Curic\u00f3","description":"","url":"http:\/\/teatroprovincialcurico.cl\/portal\/","telephone":"","email":"","sameAs":"http:\/\/teatroprovincialcurico.cl\/portal\/"},"global_id":"teatroprovincialcurico.cl\/portal?id=508","global_id_lineage":["teatroprovincialcurico.cl\/portal?id=508"]}],"custom_fields":[],"json_ld":{"@context":"http:\/\/schema.org","@type":"Event","name":"XIV Encuentro Regional de Danza de la Regi\u00f3n del Maule","description":"&lt;p&gt;El Instituto San Mart\u00edn desde alg\u00fan tiempo est\u00e1 realizando una valiosa labor en lo referido a difundir cultura en el Maule. Prueba de ellos han sido por ejemplo las exitosas [&hellip;]&lt;\/p&gt;\\n","image":"http:\/\/teatroprovincialcurico.cl\/portal\/wp-content\/uploads\/2019\/07\/9-2.jpg","url":"http:\/\/teatroprovincialcurico.cl\/portal\/?tribe_events=xiv-encuentro-regional-de-danza-de-la-region-del-maule","eventAttendanceMode":"https:\/\/schema.org\/OfflineEventAttendanceMode","eventStatus":"https:\/\/schema.org\/EventScheduled","startDate":"2019-08-23T19:00:00+00:00","endDate":"2019-08-23T21:30:00+00:00","location":{"@type":"Place","name":"Teatro Provincial Curic\u00f3","description":"","url":"","address":{"@type":"PostalAddress","addressLocality":"Curic\u00f3","addressRegion":"Curic\u00f3","addressCountry":"Chile"},"telephone":"","sameAs":"http:\/\/teatroprovincialcurico.cl\/portal\/"},"organizer":{"@type":"Person","name":"Teatro Provincial Curic\u00f3","description":"","url":"http:\/\/teatroprovincialcurico.cl\/portal\/","telephone":"","email":"","sameAs":"http:\/\/teatroprovincialcurico.cl\/portal\/"},"offers":{"@type":"Offer","price":"3000","priceCurrency":"USD","url":"http:\/\/teatroprovincialcurico.cl\/portal\/?tribe_events=xiv-encuentro-regional-de-danza-de-la-region-del-maule","category":"primary","availability":"inStock","validFrom":"1970-01-01T00:00:00+00:00"},"performer":"Organization"}}