{"id":450,"global_id":"teatroprovincialcurico.cl\/portal?id=450","global_id_lineage":["teatroprovincialcurico.cl\/portal?id=450"],"author":"1","status":"publish","date":"2018-01-05 20:51:25","date_utc":"2018-01-05 20:51:25","modified":"2018-01-05 20:51:25","modified_utc":"2018-01-05 20:51:25","url":"http:\/\/teatroprovincialcurico.cl\/portal\/?tribe_events=gala-andanzas-academia-de-artes-y-expresion","rest_url":"http:\/\/teatroprovincialcurico.cl\/portal\/index.php?rest_route=\/tribe\/events\/v1\/events\/450","title":"Gala Andanzas, Academia de Artes y Expresi\u00f3n","description":"<p><u>Gala Andanzas<\/u><\/p>\n<p>Grupo de Danza Andanzas de Curic\u00f3<\/p>\n<p>Viernes 12<\/p>\n<p>20 hrs<\/p>\n<p>Venta<\/p>\n<p>Andanzas en un grupo de danza dirigido por la profesora Paulina Briones. Desde hace varios a\u00f1os ha desarrollado un trabajo con el que ha recorrido varias ciudades del pa\u00eds e incluso el extranjero.<\/p>\n<p>En esta oportunidad muestra a todo p\u00fablico el trabajo, cari\u00f1o y esfuerzo puesto de parte de ella y de sus alumnos en esta pasi\u00f3n art\u00edstica como es la danza.<\/p>","excerpt":"","slug":"gala-andanzas-academia-de-artes-y-expresion","image":{"url":"http:\/\/teatroprovincialcurico.cl\/portal\/wp-content\/uploads\/2018\/01\/ANDANZAS-WEB.png","id":435,"extension":"png","width":787,"height":787,"sizes":{"thumbnail":{"width":150,"height":150,"mime-type":"image\/png","url":"http:\/\/teatroprovincialcurico.cl\/portal\/wp-content\/uploads\/2018\/01\/ANDANZAS-WEB-150x150.png"},"medium":{"width":300,"height":300,"mime-type":"image\/png","url":"http:\/\/teatroprovincialcurico.cl\/portal\/wp-content\/uploads\/2018\/01\/ANDANZAS-WEB-300x300.png"},"medium_large":{"width":768,"height":768,"mime-type":"image\/png","url":"http:\/\/teatroprovincialcurico.cl\/portal\/wp-content\/uploads\/2018\/01\/ANDANZAS-WEB-768x768.png"},"canon_venuex_gallery_isotope_x2":{"width":787,"height":600,"mime-type":"image\/png","url":"http:\/\/teatroprovincialcurico.cl\/portal\/wp-content\/uploads\/2018\/01\/ANDANZAS-WEB-787x600.png"},"canon_venuex_portfolio_isotope_x2":{"width":787,"height":600,"mime-type":"image\/png","url":"http:\/\/teatroprovincialcurico.cl\/portal\/wp-content\/uploads\/2018\/01\/ANDANZAS-WEB-787x600.png"},"canon_venuex_featured_posts_thumb_x2":{"width":787,"height":582,"mime-type":"image\/png","url":"http:\/\/teatroprovincialcurico.cl\/portal\/wp-content\/uploads\/2018\/01\/ANDANZAS-WEB-787x582.png"},"canon_venuex_timeline_gallery_thumb_x2":{"width":212,"height":140,"mime-type":"image\/png","url":"http:\/\/teatroprovincialcurico.cl\/portal\/wp-content\/uploads\/2018\/01\/ANDANZAS-WEB-212x140.png"},"canon_venuex_posts_graph_thumb_x2":{"width":200,"height":200,"mime-type":"image\/png","url":"http:\/\/teatroprovincialcurico.cl\/portal\/wp-content\/uploads\/2018\/01\/ANDANZAS-WEB-200x200.png"},"canon_venuex_menu_item_thumb_x2":{"width":787,"height":722,"mime-type":"image\/png","url":"http:\/\/teatroprovincialcurico.cl\/portal\/wp-content\/uploads\/2018\/01\/ANDANZAS-WEB-787x722.png"}}},"all_day":false,"start_date":"2018-01-12 20:00:00","start_date_details":{"year":"2018","month":"01","day":"12","hour":"20","minutes":"00","seconds":"00"},"end_date":"2018-01-12 22:00:00","end_date_details":{"year":"2018","month":"01","day":"12","hour":"22","minutes":"00","seconds":"00"},"utc_start_date":"2018-01-12 20:00:00","utc_start_date_details":{"year":"2018","month":"01","day":"12","hour":"20","minutes":"00","seconds":"00"},"utc_end_date":"2018-01-12 22:00:00","utc_end_date_details":{"year":"2018","month":"01","day":"12","hour":"22","minutes":"00","seconds":"00"},"timezone":"UTC+0","timezone_abbr":"UTC+0","cost":"","cost_details":{"currency_symbol":"","currency_code":"","currency_position":"prefix","values":[]},"website":"","show_map":true,"show_map_link":true,"hide_from_listings":false,"sticky":false,"featured":false,"categories":[{"name":"Teatro","slug":"teatro","term_group":0,"term_taxonomy_id":20,"taxonomy":"tribe_events_cat","description":"","parent":0,"count":145,"filter":"raw","id":20,"urls":{"self":"http:\/\/teatroprovincialcurico.cl\/portal\/index.php?rest_route=\/tribe\/events\/v1\/categories\/20","collection":"http:\/\/teatroprovincialcurico.cl\/portal\/index.php?rest_route=\/tribe\/events\/v1\/categories"}}],"tags":[],"venue":[],"organizer":[],"custom_fields":[],"json_ld":{"@context":"http:\/\/schema.org","@type":"Event","name":"Gala Andanzas, Academia de Artes y Expresi\u00f3n","description":"&lt;p&gt;Gala Andanzas Grupo de Danza Andanzas de Curic\u00f3 Viernes 12 20 hrs Venta Andanzas en un grupo de danza dirigido por la profesora Paulina Briones. Desde hace varios a\u00f1os ha [&hellip;]&lt;\/p&gt;\\n","image":"http:\/\/teatroprovincialcurico.cl\/portal\/wp-content\/uploads\/2018\/01\/ANDANZAS-WEB.png","url":"http:\/\/teatroprovincialcurico.cl\/portal\/?tribe_events=gala-andanzas-academia-de-artes-y-expresion","eventAttendanceMode":"https:\/\/schema.org\/OfflineEventAttendanceMode","eventStatus":"https:\/\/schema.org\/EventScheduled","startDate":"2018-01-12T20:00:00+00:00","endDate":"2018-01-12T22:00:00+00:00","performer":"Organization"}}